{"id":1449,"date":"2021-09-17T13:01:42","date_gmt":"2021-09-17T11:01:42","guid":{"rendered":"https:\/\/jugibernnord.ch\/?p=1449"},"modified":"2021-09-17T13:01:42","modified_gmt":"2021-09-17T11:01:42","slug":"jugendtage-bern-nord-schaffhausen-2021","status":"publish","type":"post","link":"https:\/\/jugibernnord.ch\/?p=1449","title":{"rendered":"Jugendtage &#124; Bern-Nord, Schaffhausen 2021"},"content":{"rendered":"\n<p><strong>Freitag<\/strong><br \/>Das Wochenende begann f\u00fcr uns \u2013 die Jugendlichen der Bezirke Bern Nord und<br \/>Schaffhausen \u2013 am Freitagabend mit einem gem\u00fctlichen Br\u00e4teln. Vom Treffpunkt bei der<br \/>NAK Solothurn-Zuchwil fuhren wir zur Emme, wo uns bereits unser super K\u00fcchenteam mit<br \/>Grillgut und feinen Salaten erwartete. Mit Desserts und einer sch\u00f6nen<br \/>Sonnenuntergangsstimmung liessen wir den Abend ausklingen und stimmten uns<br \/>zusammen auf das bevorstehende Wochenende ein. Here we go!<\/p>\n\n\n<p><br \/><strong>Samstag Morgen (Workshop)<br \/><\/strong>Am Samstagmorgen ging es in der NAK Burgdorf weiter. Nach einem feinen Zn\u00fcni waren wir wach und bereit f\u00fcr den nachfolgenden Workshop zum Thema Freud und Leid.<br \/>Zu Beginn erhielt jede Person zwei Steine, von denen einer etwas besonders Freudiges, der<br \/>andere etwas Belastendes aus den vergangenen Wochen darstellte. Die Steine legten wir<br \/>anschliessend in eine Sch\u00fcssel mit Wasser und die Jugendlichen teilten ihre Erlebnisse im<br \/>Plenum. Dieser Einstieg zeigte uns eindrucksvoll, dass es nicht immer gleich einfach f\u00e4llt,<br \/>Freud und Leid zu teilen. Doch schafft es Vertrauen und Gemeinschaft, erleichtert uns und<br \/>gibt uns neue Kraft. Um Freud und Leid zu teilen, braucht es neben einer Portion Mut<br \/>besonders Zeit und Ruhe, aber auch ein verst\u00e4ndnisvolles, offenes Umfeld spielt eine<br \/>entscheidende Rolle. Wir wollen an Freud und Leid unseres N\u00e4chsten teilhaben und uns<br \/>wurde passend dazu Johannes 13; 34-35 auf den Weg mitgegeben: &#171;Ein neues Gebot gebe<br \/>ich euch, dass ihr euch untereinander liebt, wie ich euch geliebt habe, damit auch ihr einander lieb habt. Daran wird jedermann erkennen, dass ihr meine J\u00fcnger seid, wenn ihr<br \/>Liebe untereinander habt.&#187; Zum Abschluss des Workshops schrieben wir einen Segen f\u00fcr<br \/>unseren N\u00e4chsten auf einen Zettel und jede Person konnte einen Zettel mit einem<br \/>Segenswunsch ziehen. Ein gelungener, gesegneter Start in den Samstag!<\/p>\n\n\n<p><br \/><strong>Samstag Nachmittag (Bern-Nord-Tour)<\/strong><br \/>Direkt nach dem Workshop teilten wir uns in acht Gruppen auf, welche jeweils eine<br \/>Gemeinde und einige Sehensw\u00fcrdigkeiten in der jeweiligen Region zugeteilt erhielten. Ziel<br \/>war es, diesen Teil des Bezirkes m\u00f6glichst gut kennen zu lernen und sich innerhalb der<br \/>gemischten Bern-Nord \u2013 Schaffhausen-Gruppe einen sch\u00f6nen Nachmittag zu machen.<br \/>Einige Gruppen gingen den empfohlenen Sehensw\u00fcrdigkeiten nach, andere genossen eine<br \/>erfrischende Glac\u00e9 oder k\u00fchlten sich im Bielersee ab.<br \/>Um 18:00 Uhr trafen wir uns alle in der Linksm\u00e4derhalle in Madiswil, wo wir dann das<br \/>gemeinsame Abendprogramm erlebten und gestalteten.<br \/><\/p>\n\n\n<p><strong>Samstag Abend (Pr\u00e4sentationen)<\/strong><br \/>Nach einem st\u00e4rkenden Abendesse, wiederum zubereitet von unserem K\u00fcchenteam, gab es eine Art Pr\u00e4sentations-Show, wo jede Gruppe nacheinander ihren Nachmittag vorstellte.<br \/>Diese versuchten alle auf m\u00f6glichst lustige und trotzdem informative Art, da es eine Jury gab, die den jeweiligen Gruppen Punkte verteilte. Damit einige Punkte wieder aufgeholt werden konnten, gab es zwischen jeder Gruppe ein kleines Gruppen-Duell.<br \/>Am Ende erkorte sich ein Siegerteam heraus, welches mit einem s\u00fcssen Snack-Paket<br \/>belohnt wurde. Den Abend liessen wir gemeinsam mit Spielen, Tanzen und einem<br \/>gem\u00fctlichen Zusammensein ausklingen und legten uns dann alle im selben Schlafraum auf<br \/>unsere M\u00e4tteli.<\/p>\n","protected":false},"excerpt":{"rendered":"<p>FreitagDas Wochenende begann f\u00fcr uns \u2013 die Jugendlichen der Bezirke Bern Nord undSchaffhausen \u2013 am Freitagabend mit einem gem\u00fctlichen Br\u00e4teln. Vom Treffpunkt bei derNAK Solothurn-Zuchwil fuhren wir zur Emme, wo uns bereits unser super K\u00fcchenteam mitGrillgut und feinen Salaten erwartete. Mit Desserts und einer sch\u00f6nenSonnenuntergangsstimmung liessen wir den Abend ausklingen und stimmten unszusammen auf das &hellip; <\/p>\n<p class=\"link-more\"><a href=\"https:\/\/jugibernnord.ch\/?p=1449\" class=\"more-link\"><span class=\"screen-reader-text\">&#171;Jugendtage &#124; Bern-Nord, Schaffhausen 2021&#187;<\/span> weiterlesen<\/a><\/p>\n","protected":false},"author":4,"featured_media":0,"comment_status":"closed","ping_status":"closed","sticky":false,"template":"","format":"standard","meta":{"footnotes":""},"categories":[5],"tags":[],"class_list":["post-1449","post","type-post","status-publish","format-standard","hentry","category-berichte"],"publishpress_future_action":{"enabled":false,"date":"2026-05-07 10:49:43","action":"change-status","newStatus":"draft","terms":[],"taxonomy":"category","extraData":[]},"publishpress_future_workflow_manual_trigger":{"enabledWorkflows":[]},"_links":{"self":[{"href":"https:\/\/jugibernnord.ch\/index.php?rest_route=\/wp\/v2\/posts\/1449","targetHints":{"allow":["GET"]}}],"collection":[{"href":"https:\/\/jugibernnord.ch\/index.php?rest_route=\/wp\/v2\/posts"}],"about":[{"href":"https:\/\/jugibernnord.ch\/index.php?rest_route=\/wp\/v2\/types\/post"}],"author":[{"embeddable":true,"href":"https:\/\/jugibernnord.ch\/index.php?rest_route=\/wp\/v2\/users\/4"}],"replies":[{"embeddable":true,"href":"https:\/\/jugibernnord.ch\/index.php?rest_route=%2Fwp%2Fv2%2Fcomments&post=1449"}],"version-history":[{"count":0,"href":"https:\/\/jugibernnord.ch\/index.php?rest_route=\/wp\/v2\/posts\/1449\/revisions"}],"wp:attachment":[{"href":"https:\/\/jugibernnord.ch\/index.php?rest_route=%2Fwp%2Fv2%2Fmedia&parent=1449"}],"wp:term":[{"taxonomy":"category","embeddable":true,"href":"https:\/\/jugibernnord.ch\/index.php?rest_route=%2Fwp%2Fv2%2Fcategories&post=1449"},{"taxonomy":"post_tag","embeddable":true,"href":"https:\/\/jugibernnord.ch\/index.php?rest_route=%2Fwp%2Fv2%2Ftags&post=1449"}],"curies":[{"name":"wp","href":"https:\/\/api.w.org\/{rel}","templated":true}]}}